{"id":590,"date":"2014-04-27T10:06:44","date_gmt":"2014-04-27T09:06:44","guid":{"rendered":"http:\/\/issle.de\/blog\/?p=590"},"modified":"2014-04-27T10:07:23","modified_gmt":"2014-04-27T09:07:23","slug":"umgestaltung-des-bachs-und-teichs","status":"publish","type":"post","link":"http:\/\/issle.de\/blog\/?p=590","title":{"rendered":"Umgestaltung des Bachs und Teichs"},"content":{"rendered":"<p>Ich dachte den Bach ein wenig neu zu gestalten, nachdem wir im letzten Herbst gef\u00fchlte 10to Pflanzen aus dem Bach gezogen haben&#8230; in der letzten Kurve vor dem Teich ist da das Wasser \u00fcbergelaufen.<\/p>\n<p><a href=\"http:\/\/issle.de\/blog\/wp-content\/uploads\/2014\/04\/P1050299.jpg\"><img loading=\"lazy\" decoding=\"async\" class=\"alignnone size-thumbnail wp-image-591\" src=\"http:\/\/issle.de\/blog\/wp-content\/uploads\/2014\/04\/P1050299-150x150.jpg\" alt=\"P1050299\" width=\"150\" height=\"150\" \/><\/a>\u00a0 <a href=\"http:\/\/issle.de\/blog\/wp-content\/uploads\/2014\/04\/P1050302.jpg\"><img loading=\"lazy\" decoding=\"async\" class=\"alignnone size-thumbnail wp-image-592\" src=\"http:\/\/issle.de\/blog\/wp-content\/uploads\/2014\/04\/P1050302-150x150.jpg\" alt=\"P1050302\" width=\"150\" height=\"150\" \/><\/a>\u00a0 <a href=\"http:\/\/issle.de\/blog\/wp-content\/uploads\/2014\/04\/P1050303.jpg\"><img loading=\"lazy\" decoding=\"async\" class=\"alignnone size-thumbnail wp-image-593\" src=\"http:\/\/issle.de\/blog\/wp-content\/uploads\/2014\/04\/P1050303-150x150.jpg\" alt=\"P1050303\" width=\"150\" height=\"150\" \/><\/a><\/p>\n<p>Jetzt sieht man das Wasser durch den mit gro\u00dfe Rheinkieseln (40-150mm) aufgepeppten Bachlauf runterkommen, es geht in die jetzt nurmehr steinige Kurve, und kann in den Teich zur\u00fcck. Dort hab ich am Ufer den Bewuchs zur\u00fcckgeschnitten, damit kann jetzt wieder die ganze Pflanzenfilterzone durchstr\u00f6mt werden. Nebenbei ist das ein netter Spielplatz f\u00fcr diese Rasselbande<\/p>\n<p><a href=\"http:\/\/issle.de\/blog\/wp-content\/uploads\/2014\/04\/P1050298.jpg\"><img loading=\"lazy\" decoding=\"async\" class=\"alignnone size-thumbnail wp-image-594\" src=\"http:\/\/issle.de\/blog\/wp-content\/uploads\/2014\/04\/P1050298-150x150.jpg\" alt=\"P1050298\" width=\"150\" height=\"150\" \/><\/a><\/p>\n<p>Diese Seerose hab ich vor nunmehr 5 Jahren von Kathinkas Kompost gerettet, die w\u00e4chst &#8222;ein wenig&#8220; und v\u00f6llig unbegrenzt. In unserem Teich ist genug Platz<\/p>\n<p><img loading=\"lazy\" decoding=\"async\" class=\"alignnone size-thumbnail wp-image-595\" src=\"http:\/\/issle.de\/blog\/wp-content\/uploads\/2014\/04\/P1050296-150x150.jpg\" alt=\"P1050296\" width=\"150\" height=\"150\" \/><\/p>\n<p>Andere Impressionen<\/p>\n<p><a href=\"http:\/\/issle.de\/blog\/wp-content\/uploads\/2014\/04\/P1050304.jpg\"><img loading=\"lazy\" decoding=\"async\" class=\"alignnone size-thumbnail wp-image-596\" src=\"http:\/\/issle.de\/blog\/wp-content\/uploads\/2014\/04\/P1050304-150x150.jpg\" alt=\"P1050304\" width=\"150\" height=\"150\" \/><\/a> <a href=\"http:\/\/issle.de\/blog\/wp-content\/uploads\/2014\/04\/P1050307.jpg\"><img loading=\"lazy\" decoding=\"async\" class=\"alignnone size-thumbnail wp-image-597\" src=\"http:\/\/issle.de\/blog\/wp-content\/uploads\/2014\/04\/P1050307-150x150.jpg\" alt=\"P1050307\" width=\"150\" height=\"150\" \/><\/a> <a href=\"http:\/\/issle.de\/blog\/wp-content\/uploads\/2014\/04\/P1050291.jpg\"><img loading=\"lazy\" decoding=\"async\" class=\"alignnone size-thumbnail wp-image-598\" src=\"http:\/\/issle.de\/blog\/wp-content\/uploads\/2014\/04\/P1050291-150x150.jpg\" alt=\"P1050291\" width=\"150\" height=\"150\" \/><\/a> <a href=\"http:\/\/issle.de\/blog\/wp-content\/uploads\/2014\/04\/P1050292.jpg\"><img loading=\"lazy\" decoding=\"async\" class=\"alignnone size-thumbnail wp-image-599\" src=\"http:\/\/issle.de\/blog\/wp-content\/uploads\/2014\/04\/P1050292-150x150.jpg\" alt=\"P1050292\" width=\"150\" height=\"150\" \/><\/a><\/p>\n","protected":false},"excerpt":{"rendered":"<p>Ich dachte den Bach ein wenig neu zu gestalten, nachdem wir im letzten Herbst gef\u00fchlte 10to Pflanzen aus dem Bach gezogen haben&#8230; in der letzten Kurve vor dem Teich ist da das Wasser \u00fcbergelaufen. \u00a0 \u00a0 Jetzt sieht man das Wasser durch den mit gro\u00dfe Rheinkieseln (40-150mm) aufgepeppten Bachlauf runterkommen, es geht in die jetzt &hellip; Continue reading<span class=\"screen-reader-text\"> &#8222;Umgestaltung des Bachs und Teichs&#8220;<\/span><\/p>\n","protected":false},"author":3,"featured_media":0,"comment_status":"open","ping_status":"closed","sticky":false,"template":"","format":"standard","meta":{"footnotes":""},"categories":[1,7,8],"tags":[],"class_list":["post-590","post","type-post","status-publish","format-standard","hentry","category-allgemein","category-garten","category-teich","archive-view"],"_links":{"self":[{"href":"http:\/\/issle.de\/blog\/index.php?rest_route=\/wp\/v2\/posts\/590","targetHints":{"allow":["GET"]}}],"collection":[{"href":"http:\/\/issle.de\/blog\/index.php?rest_route=\/wp\/v2\/posts"}],"about":[{"href":"http:\/\/issle.de\/blog\/index.php?rest_route=\/wp\/v2\/types\/post"}],"author":[{"embeddable":true,"href":"http:\/\/issle.de\/blog\/index.php?rest_route=\/wp\/v2\/users\/3"}],"replies":[{"embeddable":true,"href":"http:\/\/issle.de\/blog\/index.php?rest_route=%2Fwp%2Fv2%2Fcomments&post=590"}],"version-history":[{"count":2,"href":"http:\/\/issle.de\/blog\/index.php?rest_route=\/wp\/v2\/posts\/590\/revisions"}],"predecessor-version":[{"id":601,"href":"http:\/\/issle.de\/blog\/index.php?rest_route=\/wp\/v2\/posts\/590\/revisions\/601"}],"wp:attachment":[{"href":"http:\/\/issle.de\/blog\/index.php?rest_route=%2Fwp%2Fv2%2Fmedia&parent=590"}],"wp:term":[{"taxonomy":"category","embeddable":true,"href":"http:\/\/issle.de\/blog\/index.php?rest_route=%2Fwp%2Fv2%2Fcategories&post=590"},{"taxonomy":"post_tag","embeddable":true,"href":"http:\/\/issle.de\/blog\/index.php?rest_route=%2Fwp%2Fv2%2Ftags&post=590"}],"curies":[{"name":"wp","href":"https:\/\/api.w.org\/{rel}","templated":true}]}}